{"id":1139,"date":"2018-06-27T14:50:18","date_gmt":"2018-06-27T13:50:18","guid":{"rendered":"http:\/\/www.svruehlerfeld.de\/?p=1139"},"modified":"2018-07-04T18:41:45","modified_gmt":"2018-07-04T17:41:45","slug":"schuetzenfest-2018-ein-rueckblick-auf-das-fest-2017","status":"publish","type":"post","link":"https:\/\/www.svruehlerfeld.de\/?p=1139","title":{"rendered":"Sch\u00fctzenfest 2018: Ein R\u00fcckblick auf das Fest 2017"},"content":{"rendered":"<p>Horrido Freunde,<\/p>\n<p>wir befinden uns mitten in der Festwoche und so langsam n\u00e4hern wir uns dem gro\u00dfen Fest. Damit bis zum kommenden Wochenende auch alle ordentlich in Stimmung kommen, hier ein kleines Video mit Eindr\u00fccken vom letzten Jahr:<\/p>\n<div style=\"width: 625px;\" class=\"wp-video\"><video class=\"wp-video-shortcode\" id=\"video-1139-1\" width=\"625\" height=\"352\" preload=\"metadata\" controls=\"controls\"><source type=\"video\/mp4\" src=\"https:\/\/www.svruehlerfeld.de\/wp-content\/uploads\/2018\/06\/Sch\u00fctzenfest_2017.mp4?_=1\" \/><a href=\"https:\/\/www.svruehlerfeld.de\/wp-content\/uploads\/2018\/06\/Sch\u00fctzenfest_2017.mp4\">https:\/\/www.svruehlerfeld.de\/wp-content\/uploads\/2018\/06\/Sch\u00fctzenfest_2017.mp4<\/a><\/video><\/div>\n<p>Besten Dank an Sch\u00fctzenbruder Matze f\u00fcr die genialen Luftaufnahmen!<\/p>\n","protected":false},"excerpt":{"rendered":"<p>Horrido Freunde, wir befinden uns mitten in der Festwoche und so langsam n\u00e4hern wir uns dem gro\u00dfen Fest. Damit bis zum kommenden Wochenende auch alle ordentlich in Stimmung kommen, hier ein kleines Video mit Eindr\u00fccken vom letzten Jahr: Besten Dank an Sch\u00fctzenbruder Matze f\u00fcr die genialen Luftaufnahmen!<\/p>\n","protected":false},"author":1,"featured_media":0,"comment_status":"closed","ping_status":"closed","sticky":false,"template":"","format":"standard","meta":{"jetpack_post_was_ever_published":false,"_jetpack_newsletter_access":"","_jetpack_dont_email_post_to_subs":false,"_jetpack_newsletter_tier_id":0,"_jetpack_memberships_contains_paywalled_content":false,"_jetpack_memberships_contains_paid_content":false,"footnotes":"","jetpack_publicize_message":"","jetpack_publicize_feature_enabled":true,"jetpack_social_post_already_shared":true,"jetpack_social_options":{"image_generator_settings":{"template":"highway","default_image_id":0,"font":"","enabled":false},"version":2}},"categories":[2],"tags":[22],"class_list":["post-1139","post","type-post","status-publish","format-standard","hentry","category-aktuelles","tag-schuetzenfest-2018"],"jetpack_publicize_connections":[],"jetpack_featured_media_url":"","jetpack_shortlink":"https:\/\/wp.me\/p7FRCD-in","jetpack_sharing_enabled":true,"_links":{"self":[{"href":"https:\/\/www.svruehlerfeld.de\/index.php?rest_route=\/wp\/v2\/posts\/1139","targetHints":{"allow":["GET"]}}],"collection":[{"href":"https:\/\/www.svruehlerfeld.de\/index.php?rest_route=\/wp\/v2\/posts"}],"about":[{"href":"https:\/\/www.svruehlerfeld.de\/index.php?rest_route=\/wp\/v2\/types\/post"}],"author":[{"embeddable":true,"href":"https:\/\/www.svruehlerfeld.de\/index.php?rest_route=\/wp\/v2\/users\/1"}],"replies":[{"embeddable":true,"href":"https:\/\/www.svruehlerfeld.de\/index.php?rest_route=%2Fwp%2Fv2%2Fcomments&post=1139"}],"version-history":[{"count":2,"href":"https:\/\/www.svruehlerfeld.de\/index.php?rest_route=\/wp\/v2\/posts\/1139\/revisions"}],"predecessor-version":[{"id":1141,"href":"https:\/\/www.svruehlerfeld.de\/index.php?rest_route=\/wp\/v2\/posts\/1139\/revisions\/1141"}],"wp:attachment":[{"href":"https:\/\/www.svruehlerfeld.de\/index.php?rest_route=%2Fwp%2Fv2%2Fmedia&parent=1139"}],"wp:term":[{"taxonomy":"category","embeddable":true,"href":"https:\/\/www.svruehlerfeld.de\/index.php?rest_route=%2Fwp%2Fv2%2Fcategories&post=1139"},{"taxonomy":"post_tag","embeddable":true,"href":"https:\/\/www.svruehlerfeld.de\/index.php?rest_route=%2Fwp%2Fv2%2Ftags&post=1139"}],"curies":[{"name":"wp","href":"https:\/\/api.w.org\/{rel}","templated":true}]}}